{"id":1227,"date":"2018-08-06T22:58:59","date_gmt":"2018-08-06T21:58:59","guid":{"rendered":"http:\/\/viprenting.com\/?p=1227"},"modified":"2018-08-10T17:57:17","modified_gmt":"2018-08-10T16:57:17","slug":"v-vertical-malvasia-2018-the-august-vertical","status":"publish","type":"post","link":"https:\/\/viprenting.com\/es\/v-vertical-malvasia-2018-the-august-vertical","title":{"rendered":"V Vertical Malvas\u00eda. La vertical de Agosto."},"content":{"rendered":"<p>(10% descuento al final de este post- para cualquier alojamiento en viprenting.com)<\/p>\n<p>4 de agosto de 2018, un a\u00f1o m\u00e1s vuelve la <a href=\"https:\/\/www.facebook.com\/Vertical-Malvas%C3%ADa-1054607624634138\/\">Vertical Malvas\u00eda<\/a>, y van ya cinco.<\/p>\n<p style=\"text-align: justify;\">En menos de cuatro kil\u00f3metros, esta carrera salva un desnivel de m\u00e1s de 700 metros.\u00a0 Eso, unido a que el recorrido discurre por una zona de la isla donde suele pegar bastante el sol, la convierten en una carrera especialmente dura.<br \/>\nLa carrera empieza en la playa de Punta Larga, y tras un primer tramo de asfalto bastante c\u00f3modo (unos cuatrocientos metros) , empieza la pechada.\u00a0 Empieza el ascenso a la ladera, primero con un poco m\u00e1s de asfalto pero con una pendiente muy pronunciada, el asfalto termina donde empieza el sendero, que sigue con la misma inclinaci\u00f3n. Arriba del todo, la palmera que los fuencalentros llamamos \u00abLa Palmera de Ambrosio\u00bb, parece inalcanzable. Empiezas a subir, de vez en cuando miras la palmera y parece que no llegar\u00e1s nunca, hay momentos en los que incluso levantar la vista para mirar a la palmera se convierte en un esfuerzo muy costoso.<\/p>\n<p><img loading=\"lazy\" decoding=\"async\" class=\"alignnone size-medium wp-image-1235\" src=\"http:\/\/viprenting.com\/wp-content\/uploads\/2018\/08\/subiendo-la-palmera-300x169.jpg\" alt=\"\" width=\"300\" height=\"169\" srcset=\"https:\/\/viprenting.com\/wp-content\/uploads\/2018\/08\/subiendo-la-palmera-300x169.jpg 300w, https:\/\/viprenting.com\/wp-content\/uploads\/2018\/08\/subiendo-la-palmera-768x432.jpg 768w, https:\/\/viprenting.com\/wp-content\/uploads\/2018\/08\/subiendo-la-palmera.jpg 960w\" sizes=\"auto, (max-width: 300px) 100vw, 300px\" \/><\/p>\n<p style=\"text-align: justify;\">Cuando por fin llegamos a la Palmera de Ambrosio,\u00a0 la carrera da un respiro a los corredores, tres metros de rellano al cruzar la pista, es muy poco, pero se agradece enormemente. Es una visctoria moral haber llegado hasta ah\u00ed, palmera superada. Pero la carrera sigue siendo cuesta arriba&#8230;<br \/>\n<!--more--><br \/>\nPasada la palmera, nos adentramos en los Llanos Negros, donde se cultiva la vi\u00f1a que da nombre a esta carrera y de donde sale uno de los vinos m\u00e1s afamados de Canarias, el Vino de Malvas\u00eda. La carrera pasa a unos cientos de metros de la \u00abVilla La Malvas\u00eda\u00bb (casa de alquiler que puedes ver en esta p\u00e1gina).<\/p>\n<p>Cruzamos la zona del malvas\u00eda y nos adentramos en Los Quemados, calles de asfalto con pendientes de infarto, el sol pegando fuerte a pesar de que son ya m\u00e1s de las 7:20 de la tarde. Para mi, empieza aqu\u00ed la verdadera dureza de esta carrera, pero lo peor est\u00e1 por llegar.<\/p>\n<p>Al salir de Los Quemados, la carrera sube por la Ladera de Lugo sube por Los Jablitos y llega hasta El Barranc\u00f3n, Es un tramo muy duro, por el cansancio acumulado y el terreno inestable por el pic\u00f3n. Lo mejor de este tramo: el paisaje: un verdadero placer mirar hacia abajo y ver la zona de Los Llanos Negros, la Villa La Malvas\u00eda, El Roque Tenegu\u00eda, El Volc\u00e1n de San Antonio y el barrio de Los Quemados.<\/p>\n<p><img loading=\"lazy\" decoding=\"async\" class=\"alignnone size-medium wp-image-1234\" src=\"http:\/\/viprenting.com\/wp-content\/uploads\/2018\/08\/finish-line-169x300.jpg\" alt=\"\" width=\"169\" height=\"300\" srcset=\"https:\/\/viprenting.com\/wp-content\/uploads\/2018\/08\/finish-line-169x300.jpg 169w, https:\/\/viprenting.com\/wp-content\/uploads\/2018\/08\/finish-line-768x1365.jpg 768w, https:\/\/viprenting.com\/wp-content\/uploads\/2018\/08\/finish-line-576x1024.jpg 576w, https:\/\/viprenting.com\/wp-content\/uploads\/2018\/08\/finish-line.jpg 900w\" sizes=\"auto, (max-width: 169px) 100vw, 169px\" \/>Una vez que llegamos al Barranc\u00f3n, afrontamos el \u00faltimo tramo duro de la carrera, continuamos con piso de pic\u00f3n y una pendiente muy pronunciada ya metidos en zona de pinar, hasta llegar a Los Canarios. Nos queda ya menos de un kil\u00f3metro de recorrido por las calles del pueblo hasta llegar a la meta en la Plaza Minerva.<\/p>\n<p>El reloj me marca 3km y 900m y 735 metros de desnivel.<\/p>\n<p>Con una participaci\u00f3n de algo m\u00e1s de 80 corredores, que salieron muy fuerte desde el principio. Este a\u00f1o la carrera no me sali\u00f3 como esperaba. Pero el resultado tampoco fue tan malo despu\u00e9s de todo, sobretodo teniendo en cuenta lo poco que he podido entrenar en las \u00faltimas semanas. Puesto 14 de la general, con algo m\u00e1s de 39 minutos. Mejorable, pero aceptable. Habr\u00e1 que esperar a la sexta edici\u00f3n para tratar de mejorar.<\/p>\n<p>Pr\u00f3xima carrera en La Palma:<\/p>\n<p><a href=\"http:\/\/lonaturalextremo.es\/\">Lo Natural Extremo<\/a> (Garaf\u00eda, 12 Agosto 2018)<\/p>\n<p><a href=\"http:\/\/www.copaspar.es\/vi-tamanca-trail\/\">\u00a0Tamanca Trail<\/a> (17.2 Km;Los Llanos de Aridane y El Paso, 16 de Septiembre). \u00a1All\u00ed estar\u00e9!<\/p>\n<p><strong>Aprovecha tu bono\u00a0 por haber le\u00eddo este post al reservar en VIPRENTING.COM tienes un DESCUENTO del 10% en cualquier alojamiento de la p\u00e1gina. Usa este c\u00f3digo al hacer tu reserva y aseg\u00farate el descuento: cup\u00f3n dto n\u00ba: 0818F<\/strong><\/p>\n<p>&nbsp;<\/p>\n<p>levantar la vista para otear cu\u00e1nto falta, resulta<\/p>\n","protected":false},"excerpt":{"rendered":"<p>(10% discountat the end of this post- for any accommodation listed in viprenting.com ) 4th August 2018, once more, Vertical kilometer Malvas\u00eda and\u00a0 this is the 5th edition. Not too hot, but hot enough. The run started at 19:00 hours from Punta Larga Beach, and went up to Los Canarios. We ran up the hill &hellip; <\/p>\n<p class=\"link-more\"><a href=\"https:\/\/viprenting.com\/es\/v-vertical-malvasia-2018-the-august-vertical\" class=\"more-link\">Continuar leyendo<span class=\"screen-reader-text\"> \u00abV Vertical Malvas\u00eda. La vertical de Agosto.\u00bb<\/span><\/a><\/p>\n","protected":false},"author":2,"featured_media":1233,"comment_status":"open","ping_status":"open","sticky":false,"template":"","format":"standard","meta":{"_monsterinsights_skip_tracking":false,"_monsterinsights_sitenote_active":false,"_monsterinsights_sitenote_note":"","_monsterinsights_sitenote_category":0,"footnotes":""},"categories":[1],"tags":[],"class_list":["post-1227","post","type-post","status-publish","format-standard","has-post-thumbnail","hentry","category-uncategorized"],"translation":{"provider":"WPGlobus","version":"3.0.0","language":"es","enabled_languages":["en","es"],"languages":{"en":{"title":true,"content":true,"excerpt":false},"es":{"title":true,"content":true,"excerpt":false}}},"_links":{"self":[{"href":"https:\/\/viprenting.com\/es\/wp-json\/wp\/v2\/posts\/1227","targetHints":{"allow":["GET"]}}],"collection":[{"href":"https:\/\/viprenting.com\/es\/wp-json\/wp\/v2\/posts"}],"about":[{"href":"https:\/\/viprenting.com\/es\/wp-json\/wp\/v2\/types\/post"}],"author":[{"embeddable":true,"href":"https:\/\/viprenting.com\/es\/wp-json\/wp\/v2\/users\/2"}],"replies":[{"embeddable":true,"href":"https:\/\/viprenting.com\/es\/wp-json\/wp\/v2\/comments?post=1227"}],"version-history":[{"count":19,"href":"https:\/\/viprenting.com\/es\/wp-json\/wp\/v2\/posts\/1227\/revisions"}],"predecessor-version":[{"id":1302,"href":"https:\/\/viprenting.com\/es\/wp-json\/wp\/v2\/posts\/1227\/revisions\/1302"}],"wp:featuredmedia":[{"embeddable":true,"href":"https:\/\/viprenting.com\/es\/wp-json\/wp\/v2\/media\/1233"}],"wp:attachment":[{"href":"https:\/\/viprenting.com\/es\/wp-json\/wp\/v2\/media?parent=1227"}],"wp:term":[{"taxonomy":"category","embeddable":true,"href":"https:\/\/viprenting.com\/es\/wp-json\/wp\/v2\/categories?post=1227"},{"taxonomy":"post_tag","embeddable":true,"href":"https:\/\/viprenting.com\/es\/wp-json\/wp\/v2\/tags?post=1227"}],"curies":[{"name":"wp","href":"https:\/\/api.w.org\/{rel}","templated":true}]}}